{"id":994,"date":"2019-10-11T10:27:35","date_gmt":"2019-10-11T07:27:35","guid":{"rendered":"http:\/\/draculafilm.ro\/?p=994"},"modified":"2019-10-11T10:35:50","modified_gmt":"2019-10-11T07:35:50","slug":"masterclass-lamberto-bava-ziua-ion-popescu-gopo-workshopuri-dracula-digital-si-parada-zombie-evenimente-speciale-din-cadrul-dracula-film-festival-2019","status":"publish","type":"post","link":"http:\/\/draculafilm.ro\/2019\/masterclass-lamberto-bava-ziua-ion-popescu-gopo-workshopuri-dracula-digital-si-parada-zombie-evenimente-speciale-din-cadrul-dracula-film-festival-2019\/","title":{"rendered":"Evenimente speciale la Dracula Film Festival 2019"},"content":{"rendered":"[vc_row type=&#8221;in_container&#8221; full_screen_row_position=&#8221;middle&#8221; column_margin=&#8221;default&#8221; scene_position=&#8221;center&#8221; text_color=&#8221;dark&#8221; text_align=&#8221;left&#8221; overlay_strength=&#8221;0.3&#8243; shape_divider_position=&#8221;bottom&#8221; bg_image_animation=&#8221;none&#8221;][vc_column column_padding=&#8221;no-extra-padding&#8221; column_padding_position=&#8221;all&#8221; background_color_opacity=&#8221;1&#8243; background_hover_color_opacity=&#8221;1&#8243; column_link_target=&#8221;_self&#8221; column_shadow=&#8221;none&#8221; column_border_radius=&#8221;none&#8221; width=&#8221;1\/1&#8243; tablet_width_inherit=&#8221;default&#8221; tablet_text_alignment=&#8221;default&#8221; phone_text_alignment=&#8221;default&#8221; overlay_strength=&#8221;0.3&#8243; column_border_width=&#8221;none&#8221; column_border_style=&#8221;solid&#8221; bg_image_animation=&#8221;none&#8221;][vc_column_text]<strong>Masterclass Lamberto Bava, Ziua Ion Popescu-Gopo, Workshopuri Dracula Digital \u0219i Parada Zombie, evenimente speciale din cadrul Dracula Film Festival 2019<\/strong><\/p>\n<p>O serie de evenimente speciale au loc \u00een cadrul Dracula Film Festival, evenimente care completeaz\u0103 cele 4 sec\u021biuni competi\u021bionale ale festivalului (competi\u021bia de lungmetraj, scurtmetraj interna\u021bional, scurtmetraj rom\u00e2nesc \u0219i Dracula Digital).<\/p>\n<p>Cineastul \u015fi produc\u0103torul <strong>Lamberto Bava <\/strong>(n. Italia, 3 aprilie 1944), o legend\u0103 a cinematografiei horror contemporane, este invitatul special al edi\u0163iei cu num\u0103rul VII al Festivalului de Film Dracula. \u00cen cadrul ceremoniei de decernare a premiilor Dracula Film Festival, de s\u00e2mb\u0103t\u0103 seara, 19 octombrie, <strong>Lamberto Bava<\/strong> va primi ordinul <strong>Cavaler Dracula<\/strong>, distinc\u021bia onorific\u0103 a festivalului, tradi\u021bie \u00eenceput\u0103 acum 2 ani, cu trofeul \u00eenm\u00e2nat actorului Armand Assante \u0219i apoi maestrului \u00een F\/X Sergio Stivaletti.<\/p>\n<p>De patru decenii, Lamberto Bava, reprezint\u0103 o referin\u0163\u0103 esen\u0163ial\u0103 la care se raporteaz\u0103 mai tinerii realizatori de filme de gen, \u00eentruc\u00e2t el se constituie \u00een puntea dintre genera\u0163ia Argento-Fulci-Bava Sr. \u015fi cea a milenialilor doritori s\u0103 continue tradi\u0163ia Euro &#8211; Horror-ului. S\u00e2mb\u0103t\u0103, 19 octombrie, se va proiecta filmul s\u0103u de referin\u021b\u0103, \u201eD\u00e8moni\u201d (Italia, 1985), dup\u0103 care va urma un <strong>Masterclass<\/strong> \u00een care maestro Lamberto Bava va povesti din secretele meseriei \u0219i alte lucruri fanstastice.<\/p>\n<p>Printre invita\u021bii festivalului, \u00eei mai amintim pe <strong>Anders Banke<\/strong> (Suedia) care este produc\u0103tor (\u201cShelley\u201d, drama horror al lui Ali \u2018Bor\u00adder\u2019 Abbasi, cu Cosmina Stra\u00adtan \u00een rolul mamei surogat) \u015fi regizor (serialul \u201cChernobyl: Zone of Exclusion\u201d). Anders este pre\u0219edintele juriului de lungmetraje iar filmul s\u0103u \u201cFrostbitten\u201d va fi proiectat, duminic\u0103, 20 octombrie la Cinemateca Pa\u00adtria, fiind urmat de un Q&amp;A.<\/p>\n<p><strong>Julian Richards<\/strong>, c\u00e2\u015fti\u00adg\u0103tor anul acesta al premiului pentru cel mai bun regizor la Fantasporto (Portugalia), vine la Bra\u0219ov \u00een calitate de membru al juriului de lungmetraje. Cel mai recent film al s\u0103u, \u201cReborn\u201d, va putea fi vizionat \u00een cadrul Dracula Film Festival, \u00een afara competi\u021biei, ca prefa\u0163\u0103 la sesi\u00adunea de Q&amp;A.<\/p>\n<p>Un al eveniment special \u00een cadru Dracula Film Festival este <strong>Ziua<\/strong> <strong>Ion Popescu-Gopo <\/strong>care are loc s\u00e2mb\u0103t\u0103, 19 octombrie, la Cinemateca Patria din Bra\u0219ov, iar intrarea este liber\u0103.<\/p>\n<p>\u00cen acest an se \u00eemplinesc 30 de ani de la moartea marelui cineast rom\u00e2n, <strong>Ion Popescu-Gopo<\/strong>.<br \/>\nSpirit inovator \u015fi nonconformist, Gopo a \u00eencercat \u00eentotdeauna s\u0103 dep\u0103\u015feasc\u0103 barierele tehnice \u015fi modelele epocii, str\u0103duindu-se s\u0103 fie un pionier \u00een tot ce a \u00eentreprins. \u201eOmule\u0163ul lui Gopo\u201d sau, mai simplu, \u201eomule\u0163ul\u201d, este personajul nud \u015fi schi\u0163at din c\u00e2teva linii, care interpreteaz\u0103 \u00eens\u0103 at\u00e2t de complex problemele lumii contemporane. Primul s\u0103u succes, Marele Premiu (Palme d&#8217;Or) la Cannes (1957) cu Scurt\u0103 istorie, a fost \u015fi cel mai mare. \u00cen paralel cu filmele sale de anima\u0163ie, Gopo abordeaz\u0103 \u00eenca din anul 1956 \u015fi filmul cu actori. A fost at\u00e2t scenarist, c\u00e2t \u015fi regizor, \u00eencerc\u00e2nd s\u0103 realizeze filme cu mult deasupra mijloacelor tehnice \u015fi materiale existente \u00een epoc\u0103. La Cinemateca Patria din Bra\u0219ov se vor proiecta 4 filme marcante din cariera lui Ion Popescu-Gopo: Pa\u0219i spre lun\u0103 (1964), Povestea Dragostei (1976), Comedie fantastic\u0103 (1975) \u0219i Maria, Mirabela (1981). <strong>Medeea Marinescu<\/strong> care a jucat la v\u00e2rsta de 7 ani rolul Mirabelei, va fi invitata special\u0103 a acestei sec\u021biuni.<\/p>\n<p>Pentru sec\u021biunea destinat\u0103 tinerilor debutan\u021bi, <strong>Dracula Digital<\/strong>, unde ace\u0219tia trebuie s\u0103 realizeze la Bra\u0219ov un film de scurtmetraj cu telefonul mobil, sunt \u00eenscrise 11 echipe, 7 din Rom\u00e2nia \u0219i 4 din afara \u021b\u0103rii (2 echipe din Fran\u021ba, 1 echip\u0103 din Croa\u021bia \u0219i o echip\u0103 mixt\u0103 Italia-Japonia). Din fiecare echip\u0103 fac parte 3 persoane. Juriul acestei sec\u021biuni este format din Gabriel B\u0103l\u0103nescu (antropolog, fotograf), \u0218tefan Iancu (actor, \u201eUn pas \u00een urma serafimilor\u201d) \u0219i Eugen Neagu (actor, \u201eRabbia furiosa\u201d). Jura\u021bii vor sus\u021bine 2 workshopuri, unul despre fotografie \u0219i unul despre actorie. Pe l\u00e2ng\u0103 echipele Dracula Digital, la aceste workshopuri poate participa orice doritor, intrarea fiind liber\u0103.<\/p>\n<p><strong>Parada Zombie (Zombie Walk)<\/strong> va aduce \u00een centrul bra\u0219ovului \u201emor\u021bii vii\u201d care vor m\u0103r\u0219\u0103lui pe principalele str\u0103zi pietonale din ora\u0219. Vineri seara, pe 18 octombrie, preg\u0103ti\u021bi-v\u0103 s\u0103 fi\u021bi asalta\u021bi de oameni indu\u0219i \u00een st\u0103ri catatonice, asem\u0103n\u0103toare mor\u021bii. Oameni ce vin, la strig\u0103tul lui Dracula, din mijlocul p\u0103m\u00e2ntului. Cine va \u00eendr\u0103zni oare s\u0103 se al\u0103ture paradei Zombie Walk?<\/p>\n<p>Pentru buna desf\u0103\u0219urare a evenimentului, Raluca Brescan, make-up artist profesionist, va preg\u0103ti hoardele de zombie care vor m\u0103r\u0219\u0103lui prin centrul Bra\u0219ovului.<\/p>\n<p><strong>Dracula Film Festival <\/strong>debuteaz\u0103 miercuri, 16 octombrie, cu proiec\u021bia \u00een avanpremier\u0103 na\u021bional\u0103, \u201d<strong>Zombieland: Rund\u0103 Dubl\u0103\u201d<\/strong> (SUA, 2019). Alte 2 filme se v\u0103d \u00een avanpremier\u0103 la festivalul de la Bra\u0219ov: <strong>The Lighthouse<\/strong> (SUA, 2019), cu Willem Dafoe \u0219i Robert Pattinson, \u00een regia lui Robert Eggers , film ce a c\u00e2\u0219tigat premiul Federa\u021biei Interna\u021bionale a Criticilor de Film, FIPRESCI, la festivalul de film de la Cannes din acest an \u0219i <strong>Familia Addams 3D<\/strong> (SUA, 2019).<\/p>\n\n\t\t<style type=\"text\/css\">\n\t\t\t#gallery-1 {\n\t\t\t\tmargin: auto;\n\t\t\t}\n\t\t\t#gallery-1 .gallery-item {\n\t\t\t\tfloat: left;\n\t\t\t\tmargin-top: 10px;\n\t\t\t\ttext-align: center;\n\t\t\t\twidth: 33%;\n\t\t\t}\n\t\t\t#gallery-1 img {\n\t\t\t\tborder: 2px solid #cfcfcf;\n\t\t\t}\n\t\t\t#gallery-1 .gallery-caption {\n\t\t\t\tmargin-left: 0;\n\t\t\t}\n\t\t\t\/* see gallery_shortcode() in wp-includes\/media.php *\/\n\t\t<\/style>\n\t\t<div id='gallery-1' class='gallery galleryid-994 gallery-columns-3 gallery-size-thumbnail'><dl class='gallery-item'>\n\t\t\t<dt class='gallery-icon landscape'>\n\t\t\t\t<a href='http:\/\/draculafilm.ro\/2019\/masterclass-lamberto-bava-ziua-ion-popescu-gopo-workshopuri-dracula-digital-si-parada-zombie-evenimente-speciale-din-cadrul-dracula-film-festival-2019\/lamberto-bava\/'><img width=\"150\" height=\"150\" src=\"http:\/\/draculafilm.ro\/2019\/wp-content\/uploads\/2019\/10\/Lamberto-Bava-150x150.jpg\" class=\"attachment-thumbnail size-thumbnail\" alt=\"\" loading=\"lazy\" srcset=\"http:\/\/draculafilm.ro\/2019\/wp-content\/uploads\/2019\/10\/Lamberto-Bava-150x150.jpg 150w, http:\/\/draculafilm.ro\/2019\/wp-content\/uploads\/2019\/10\/Lamberto-Bava-100x100.jpg 100w, http:\/\/draculafilm.ro\/2019\/wp-content\/uploads\/2019\/10\/Lamberto-Bava-140x140.jpg 140w, http:\/\/draculafilm.ro\/2019\/wp-content\/uploads\/2019\/10\/Lamberto-Bava-500x500.jpg 500w, http:\/\/draculafilm.ro\/2019\/wp-content\/uploads\/2019\/10\/Lamberto-Bava-350x350.jpg 350w, http:\/\/draculafilm.ro\/2019\/wp-content\/uploads\/2019\/10\/Lamberto-Bava-1000x1000.jpg 1000w, http:\/\/draculafilm.ro\/2019\/wp-content\/uploads\/2019\/10\/Lamberto-Bava-800x800.jpg 800w\" sizes=\"(max-width: 150px) 100vw, 150px\" \/><\/a>\n\t\t\t<\/dt><\/dl><dl class='gallery-item'>\n\t\t\t<dt class='gallery-icon portrait'>\n\t\t\t\t<a href='http:\/\/draculafilm.ro\/2019\/masterclass-lamberto-bava-ziua-ion-popescu-gopo-workshopuri-dracula-digital-si-parada-zombie-evenimente-speciale-din-cadrul-dracula-film-festival-2019\/raluca-brescan\/'><img width=\"150\" height=\"150\" src=\"http:\/\/draculafilm.ro\/2019\/wp-content\/uploads\/2019\/10\/Raluca-Brescan-150x150.jpg\" class=\"attachment-thumbnail size-thumbnail\" alt=\"\" loading=\"lazy\" srcset=\"http:\/\/draculafilm.ro\/2019\/wp-content\/uploads\/2019\/10\/Raluca-Brescan-150x150.jpg 150w, http:\/\/draculafilm.ro\/2019\/wp-content\/uploads\/2019\/10\/Raluca-Brescan-100x100.jpg 100w, http:\/\/draculafilm.ro\/2019\/wp-content\/uploads\/2019\/10\/Raluca-Brescan-140x140.jpg 140w, http:\/\/draculafilm.ro\/2019\/wp-content\/uploads\/2019\/10\/Raluca-Brescan-500x500.jpg 500w, http:\/\/draculafilm.ro\/2019\/wp-content\/uploads\/2019\/10\/Raluca-Brescan-350x350.jpg 350w, http:\/\/draculafilm.ro\/2019\/wp-content\/uploads\/2019\/10\/Raluca-Brescan-1000x1000.jpg 1000w, http:\/\/draculafilm.ro\/2019\/wp-content\/uploads\/2019\/10\/Raluca-Brescan-800x800.jpg 800w\" sizes=\"(max-width: 150px) 100vw, 150px\" \/><\/a>\n\t\t\t<\/dt><\/dl><dl class='gallery-item'>\n\t\t\t<dt class='gallery-icon portrait'>\n\t\t\t\t<a href='http:\/\/draculafilm.ro\/2019\/masterclass-lamberto-bava-ziua-ion-popescu-gopo-workshopuri-dracula-digital-si-parada-zombie-evenimente-speciale-din-cadrul-dracula-film-festival-2019\/raluca-brescan1\/'><img width=\"150\" height=\"150\" src=\"http:\/\/draculafilm.ro\/2019\/wp-content\/uploads\/2019\/10\/Raluca-Brescan1-150x150.jpg\" class=\"attachment-thumbnail size-thumbnail\" alt=\"\" loading=\"lazy\" srcset=\"http:\/\/draculafilm.ro\/2019\/wp-content\/uploads\/2019\/10\/Raluca-Brescan1-150x150.jpg 150w, http:\/\/draculafilm.ro\/2019\/wp-content\/uploads\/2019\/10\/Raluca-Brescan1-100x100.jpg 100w, http:\/\/draculafilm.ro\/2019\/wp-content\/uploads\/2019\/10\/Raluca-Brescan1-140x140.jpg 140w, http:\/\/draculafilm.ro\/2019\/wp-content\/uploads\/2019\/10\/Raluca-Brescan1-500x500.jpg 500w, http:\/\/draculafilm.ro\/2019\/wp-content\/uploads\/2019\/10\/Raluca-Brescan1-350x350.jpg 350w, http:\/\/draculafilm.ro\/2019\/wp-content\/uploads\/2019\/10\/Raluca-Brescan1-1000x1000.jpg 1000w, http:\/\/draculafilm.ro\/2019\/wp-content\/uploads\/2019\/10\/Raluca-Brescan1-800x800.jpg 800w\" sizes=\"(max-width: 150px) 100vw, 150px\" \/><\/a>\n\t\t\t<\/dt><\/dl><br style=\"clear: both\" \/><dl class='gallery-item'>\n\t\t\t<dt class='gallery-icon landscape'>\n\t\t\t\t<a href='http:\/\/draculafilm.ro\/2019\/masterclass-lamberto-bava-ziua-ion-popescu-gopo-workshopuri-dracula-digital-si-parada-zombie-evenimente-speciale-din-cadrul-dracula-film-festival-2019\/ziua-gopo\/'><img width=\"150\" height=\"150\" src=\"http:\/\/draculafilm.ro\/2019\/wp-content\/uploads\/2019\/10\/Ziua-Gopo-150x150.jpg\" class=\"attachment-thumbnail size-thumbnail\" alt=\"\" loading=\"lazy\" srcset=\"http:\/\/draculafilm.ro\/2019\/wp-content\/uploads\/2019\/10\/Ziua-Gopo-150x150.jpg 150w, http:\/\/draculafilm.ro\/2019\/wp-content\/uploads\/2019\/10\/Ziua-Gopo-100x100.jpg 100w, http:\/\/draculafilm.ro\/2019\/wp-content\/uploads\/2019\/10\/Ziua-Gopo-140x140.jpg 140w, http:\/\/draculafilm.ro\/2019\/wp-content\/uploads\/2019\/10\/Ziua-Gopo-500x500.jpg 500w, http:\/\/draculafilm.ro\/2019\/wp-content\/uploads\/2019\/10\/Ziua-Gopo-350x350.jpg 350w, http:\/\/draculafilm.ro\/2019\/wp-content\/uploads\/2019\/10\/Ziua-Gopo-1000x1000.jpg 1000w, http:\/\/draculafilm.ro\/2019\/wp-content\/uploads\/2019\/10\/Ziua-Gopo-800x800.jpg 800w\" sizes=\"(max-width: 150px) 100vw, 150px\" \/><\/a>\n\t\t\t<\/dt><\/dl><dl class='gallery-item'>\n\t\t\t<dt class='gallery-icon portrait'>\n\t\t\t\t<a href='http:\/\/draculafilm.ro\/2019\/masterclass-lamberto-bava-ziua-ion-popescu-gopo-workshopuri-dracula-digital-si-parada-zombie-evenimente-speciale-din-cadrul-dracula-film-festival-2019\/zombie-walk-2\/'><img width=\"150\" height=\"150\" src=\"http:\/\/draculafilm.ro\/2019\/wp-content\/uploads\/2019\/10\/Zombie-Walk-150x150.jpg\" class=\"attachment-thumbnail size-thumbnail\" alt=\"\" loading=\"lazy\" srcset=\"http:\/\/draculafilm.ro\/2019\/wp-content\/uploads\/2019\/10\/Zombie-Walk-150x150.jpg 150w, http:\/\/draculafilm.ro\/2019\/wp-content\/uploads\/2019\/10\/Zombie-Walk-100x100.jpg 100w, http:\/\/draculafilm.ro\/2019\/wp-content\/uploads\/2019\/10\/Zombie-Walk-140x140.jpg 140w, http:\/\/draculafilm.ro\/2019\/wp-content\/uploads\/2019\/10\/Zombie-Walk-500x500.jpg 500w, http:\/\/draculafilm.ro\/2019\/wp-content\/uploads\/2019\/10\/Zombie-Walk-350x350.jpg 350w, http:\/\/draculafilm.ro\/2019\/wp-content\/uploads\/2019\/10\/Zombie-Walk-1000x1000.jpg 1000w, http:\/\/draculafilm.ro\/2019\/wp-content\/uploads\/2019\/10\/Zombie-Walk-800x800.jpg 800w\" sizes=\"(max-width: 150px) 100vw, 150px\" \/><\/a>\n\t\t\t<\/dt><\/dl>\n\t\t\t<br style='clear: both' \/>\n\t\t<\/div>\n\n[\/vc_column_text][\/vc_column][\/vc_row]\n","protected":false},"excerpt":{"rendered":"<p>[vc_row type=&#8221;in_container&#8221; full_screen_row_position=&#8221;middle&#8221; column_margin=&#8221;default&#8221; scene_position=&#8221;center&#8221; text_color=&#8221;dark&#8221; text_align=&#8221;left&#8221; overlay_strength=&#8221;0.3&#8243; shape_divider_position=&#8221;bottom&#8221; bg_image_animation=&#8221;none&#8221;][vc_column column_padding=&#8221;no-extra-padding&#8221; column_padding_position=&#8221;all&#8221; background_color_opacity=&#8221;1&#8243; background_hover_color_opacity=&#8221;1&#8243; column_link_target=&#8221;_self&#8221; column_shadow=&#8221;none&#8221; column_border_radius=&#8221;none&#8221; width=&#8221;1\/1&#8243; tablet_width_inherit=&#8221;default&#8221; tablet_text_alignment=&#8221;default&#8221; phone_text_alignment=&#8221;default&#8221; overlay_strength=&#8221;0.3&#8243; column_border_width=&#8221;none&#8221; column_border_style=&#8221;solid&#8221; bg_image_animation=&#8221;none&#8221;][vc_column_text]Masterclass Lamberto Bava, Ziua Ion Popescu-Gopo,&#8230;<\/p>\n","protected":false},"author":3,"featured_media":999,"comment_status":"open","ping_status":"closed","sticky":false,"template":"","format":"standard","meta":[],"categories":[54],"tags":[],"yoast_head":"<!-- This site is optimized with the Yoast SEO plugin v15.0 - https:\/\/yoast.com\/wordpress\/plugins\/seo\/ -->\n<title>Evenimente speciale la Dracula Film Festival 2019 - Dracula Film Festival - 2019<\/title>\n<meta name=\"robots\" content=\"index, follow, max-snippet:-1, max-image-preview:large, max-video-preview:-1\" \/>\n<link rel=\"canonical\" href=\"http:\/\/draculafilm.ro\/2019\/masterclass-lamberto-bava-ziua-ion-popescu-gopo-workshopuri-dracula-digital-si-parada-zombie-evenimente-speciale-din-cadrul-dracula-film-festival-2019\/\" \/>\n<meta property=\"og:locale\" content=\"ro_RO\" \/>\n<meta property=\"og:type\" content=\"article\" \/>\n<meta property=\"og:title\" content=\"Evenimente speciale la Dracula Film Festival 2019 - Dracula Film Festival - 2019\" \/>\n<meta property=\"og:description\" content=\"[vc_row type=&#8221;in_container&#8221; full_screen_row_position=&#8221;middle&#8221; column_margin=&#8221;default&#8221; scene_position=&#8221;center&#8221; text_color=&#8221;dark&#8221; text_align=&#8221;left&#8221; overlay_strength=&#8221;0.3&#8243; shape_divider_position=&#8221;bottom&#8221; bg_image_animation=&#8221;none&#8221;][vc_column column_padding=&#8221;no-extra-padding&#8221; column_padding_position=&#8221;all&#8221; background_color_opacity=&#8221;1&#8243; background_hover_color_opacity=&#8221;1&#8243; column_link_target=&#8221;_self&#8221; column_shadow=&#8221;none&#8221; column_border_radius=&#8221;none&#8221; width=&#8221;1\/1&#8243; tablet_width_inherit=&#8221;default&#8221; tablet_text_alignment=&#8221;default&#8221; phone_text_alignment=&#8221;default&#8221; overlay_strength=&#8221;0.3&#8243; column_border_width=&#8221;none&#8221; column_border_style=&#8221;solid&#8221; bg_image_animation=&#8221;none&#8221;][vc_column_text]Masterclass Lamberto Bava, Ziua Ion Popescu-Gopo,...\" \/>\n<meta property=\"og:url\" content=\"http:\/\/draculafilm.ro\/2019\/masterclass-lamberto-bava-ziua-ion-popescu-gopo-workshopuri-dracula-digital-si-parada-zombie-evenimente-speciale-din-cadrul-dracula-film-festival-2019\/\" \/>\n<meta property=\"og:site_name\" content=\"Dracula Film Festival - 2019\" \/>\n<meta property=\"article:published_time\" content=\"2019-10-11T07:27:35+00:00\" \/>\n<meta property=\"article:modified_time\" content=\"2019-10-11T07:35:50+00:00\" \/>\n<meta property=\"og:image\" content=\"http:\/\/draculafilm.ro\/2019\/wp-content\/uploads\/2019\/10\/Lamberto-Bava.jpg\" \/>\n\t<meta property=\"og:image:width\" content=\"2048\" \/>\n\t<meta property=\"og:image:height\" content=\"1188\" \/>\n<meta name=\"twitter:card\" content=\"summary_large_image\" \/>\n<script type=\"application\/ld+json\" class=\"yoast-schema-graph\">{\"@context\":\"https:\/\/schema.org\",\"@graph\":[{\"@type\":\"WebSite\",\"@id\":\"http:\/\/draculafilm.ro\/2019\/#website\",\"url\":\"http:\/\/draculafilm.ro\/2019\/\",\"name\":\"Dracula Film Festival - 2019\",\"description\":\"Dracula Film Festival - Horror &amp; Fantasy Film Festival.\",\"potentialAction\":[{\"@type\":\"SearchAction\",\"target\":\"http:\/\/draculafilm.ro\/2019\/?s={search_term_string}\",\"query-input\":\"required name=search_term_string\"}],\"inLanguage\":\"ro-RO\"},{\"@type\":\"ImageObject\",\"@id\":\"http:\/\/draculafilm.ro\/2019\/masterclass-lamberto-bava-ziua-ion-popescu-gopo-workshopuri-dracula-digital-si-parada-zombie-evenimente-speciale-din-cadrul-dracula-film-festival-2019\/#primaryimage\",\"inLanguage\":\"ro-RO\",\"url\":\"http:\/\/draculafilm.ro\/2019\/wp-content\/uploads\/2019\/10\/Lamberto-Bava.jpg\",\"width\":2048,\"height\":1188},{\"@type\":\"WebPage\",\"@id\":\"http:\/\/draculafilm.ro\/2019\/masterclass-lamberto-bava-ziua-ion-popescu-gopo-workshopuri-dracula-digital-si-parada-zombie-evenimente-speciale-din-cadrul-dracula-film-festival-2019\/#webpage\",\"url\":\"http:\/\/draculafilm.ro\/2019\/masterclass-lamberto-bava-ziua-ion-popescu-gopo-workshopuri-dracula-digital-si-parada-zombie-evenimente-speciale-din-cadrul-dracula-film-festival-2019\/\",\"name\":\"Evenimente speciale la Dracula Film Festival 2019 - Dracula Film Festival - 2019\",\"isPartOf\":{\"@id\":\"http:\/\/draculafilm.ro\/2019\/#website\"},\"primaryImageOfPage\":{\"@id\":\"http:\/\/draculafilm.ro\/2019\/masterclass-lamberto-bava-ziua-ion-popescu-gopo-workshopuri-dracula-digital-si-parada-zombie-evenimente-speciale-din-cadrul-dracula-film-festival-2019\/#primaryimage\"},\"datePublished\":\"2019-10-11T07:27:35+00:00\",\"dateModified\":\"2019-10-11T07:35:50+00:00\",\"author\":{\"@id\":\"http:\/\/draculafilm.ro\/2019\/#\/schema\/person\/a8c14d7630145958f5baeba6c2d71ced\"},\"inLanguage\":\"ro-RO\",\"potentialAction\":[{\"@type\":\"ReadAction\",\"target\":[\"http:\/\/draculafilm.ro\/2019\/masterclass-lamberto-bava-ziua-ion-popescu-gopo-workshopuri-dracula-digital-si-parada-zombie-evenimente-speciale-din-cadrul-dracula-film-festival-2019\/\"]}]},{\"@type\":\"Person\",\"@id\":\"http:\/\/draculafilm.ro\/2019\/#\/schema\/person\/a8c14d7630145958f5baeba6c2d71ced\",\"name\":\"Anutoiu Mihaela\",\"image\":{\"@type\":\"ImageObject\",\"@id\":\"http:\/\/draculafilm.ro\/2019\/#personlogo\",\"inLanguage\":\"ro-RO\",\"url\":\"http:\/\/0.gravatar.com\/avatar\/6f734a509101ab9ba0d728791191dc56?s=96&d=mm&r=g\",\"caption\":\"Anutoiu Mihaela\"}}]}<\/script>\n<!-- \/ Yoast SEO plugin. -->","_links":{"self":[{"href":"http:\/\/draculafilm.ro\/2019\/wp-json\/wp\/v2\/posts\/994"}],"collection":[{"href":"http:\/\/draculafilm.ro\/2019\/wp-json\/wp\/v2\/posts"}],"about":[{"href":"http:\/\/draculafilm.ro\/2019\/wp-json\/wp\/v2\/types\/post"}],"author":[{"embeddable":true,"href":"http:\/\/draculafilm.ro\/2019\/wp-json\/wp\/v2\/users\/3"}],"replies":[{"embeddable":true,"href":"http:\/\/draculafilm.ro\/2019\/wp-json\/wp\/v2\/comments?post=994"}],"version-history":[{"count":7,"href":"http:\/\/draculafilm.ro\/2019\/wp-json\/wp\/v2\/posts\/994\/revisions"}],"predecessor-version":[{"id":1006,"href":"http:\/\/draculafilm.ro\/2019\/wp-json\/wp\/v2\/posts\/994\/revisions\/1006"}],"wp:featuredmedia":[{"embeddable":true,"href":"http:\/\/draculafilm.ro\/2019\/wp-json\/wp\/v2\/media\/999"}],"wp:attachment":[{"href":"http:\/\/draculafilm.ro\/2019\/wp-json\/wp\/v2\/media?parent=994"}],"wp:term":[{"taxonomy":"category","embeddable":true,"href":"http:\/\/draculafilm.ro\/2019\/wp-json\/wp\/v2\/categories?post=994"},{"taxonomy":"post_tag","embeddable":true,"href":"http:\/\/draculafilm.ro\/2019\/wp-json\/wp\/v2\/tags?post=994"}],"curies":[{"name":"wp","href":"https:\/\/api.w.org\/{rel}","templated":true}]}}