{"id":705,"date":"2020-10-09T09:10:32","date_gmt":"2020-10-09T06:10:32","guid":{"rendered":"http:\/\/draculafilm.ro\/?p=705"},"modified":"2020-10-09T09:32:45","modified_gmt":"2020-10-09T06:32:45","slug":"comedii-horror-si-drame-fantastice-in-premiera-la-dracula-film-festival","status":"publish","type":"post","link":"http:\/\/draculafilm.ro\/2020\/comedii-horror-si-drame-fantastice-in-premiera-la-dracula-film-festival\/","title":{"rendered":"Comedii horror \u0219i drame fantastice \u00een premier\u0103 la Dracula Film Festival."},"content":{"rendered":"[vc_row type=&#8221;in_container&#8221; full_screen_row_position=&#8221;middle&#8221; column_margin=&#8221;default&#8221; column_direction=&#8221;default&#8221; column_direction_tablet=&#8221;default&#8221; column_direction_phone=&#8221;default&#8221; scene_position=&#8221;center&#8221; text_color=&#8221;dark&#8221; text_align=&#8221;left&#8221; row_border_radius=&#8221;none&#8221; row_border_radius_applies=&#8221;bg&#8221; overlay_strength=&#8221;0.3&#8243; gradient_direction=&#8221;left_to_right&#8221; shape_divider_position=&#8221;bottom&#8221; bg_image_animation=&#8221;none&#8221;][vc_column column_padding=&#8221;no-extra-padding&#8221; column_padding_tablet=&#8221;inherit&#8221; column_padding_phone=&#8221;inherit&#8221; column_padding_position=&#8221;all&#8221; background_color_opacity=&#8221;1&#8243; background_hover_color_opacity=&#8221;1&#8243; column_shadow=&#8221;none&#8221; column_border_radius=&#8221;none&#8221; column_link_target=&#8221;_self&#8221; gradient_direction=&#8221;left_to_right&#8221; overlay_strength=&#8221;0.3&#8243; width=&#8221;1\/1&#8243; tablet_width_inherit=&#8221;default&#8221; tablet_text_alignment=&#8221;default&#8221; phone_text_alignment=&#8221;default&#8221; column_border_width=&#8221;none&#8221; column_border_style=&#8221;solid&#8221; bg_image_animation=&#8221;none&#8221;][vc_column_text]<strong>Festivalul va avea loc la Bra\u0219ov, la Centrul Cultural Reduta, \u00een perioada 14-18 octombrie, 2020.<\/strong><\/p>\n<p>Produc\u0163ii din Luxemburg, Brazilia, Spania, Republica Moldova, SUA, Fran\u021ba \u015fi Turcia au fost selec\u0163ionate \u00een competi\u0163ia de lungmetraje a celei de-a opta edi\u0163ii a Dracula Film Festival, care are loc \u00eentre 14 \u015fi 18 octombrie, la Centrul Cultural Reduta din Bra\u0219ov.<\/p>\n<p>Pentru competi\u021bia de lungmetraj au fost \u00eenscrise 244 de filme din 57 de \u021b\u0103ri. Din cele 244 de filme, 10 au fost selectate pentru a concura pentru DRACULA TROPHY 2020. \u00a0Cele 10 filme selectate sunt:[\/vc_column_text][\/vc_column][\/vc_row][vc_row type=&#8221;in_container&#8221; full_screen_row_position=&#8221;middle&#8221; column_margin=&#8221;default&#8221; equal_height=&#8221;yes&#8221; content_placement=&#8221;middle&#8221; column_direction=&#8221;default&#8221; column_direction_tablet=&#8221;default&#8221; column_direction_phone=&#8221;default&#8221; bg_color=&#8221;#e8e8e8&#8243; scene_position=&#8221;center&#8221; text_color=&#8221;dark&#8221; text_align=&#8221;left&#8221; row_border_radius=&#8221;none&#8221; row_border_radius_applies=&#8221;bg&#8221; overlay_strength=&#8221;0.3&#8243; gradient_direction=&#8221;left_to_right&#8221; shape_divider_position=&#8221;bottom&#8221; bg_image_animation=&#8221;none&#8221; shape_type=&#8221;&#8221;][vc_column column_padding=&#8221;padding-3-percent&#8221; column_padding_tablet=&#8221;inherit&#8221; column_padding_phone=&#8221;inherit&#8221; column_padding_position=&#8221;all&#8221; background_color_opacity=&#8221;1&#8243; background_hover_color_opacity=&#8221;1&#8243; column_shadow=&#8221;none&#8221; column_border_radius=&#8221;none&#8221; column_link_target=&#8221;_self&#8221; gradient_direction=&#8221;left_to_right&#8221; overlay_strength=&#8221;0.3&#8243; width=&#8221;1\/2&#8243; tablet_width_inherit=&#8221;default&#8221; tablet_text_alignment=&#8221;default&#8221; phone_text_alignment=&#8221;default&#8221; column_border_width=&#8221;none&#8221; column_border_style=&#8221;solid&#8221; bg_image_animation=&#8221;none&#8221;][vc_column_text]<strong>SKIN WALKER<\/strong> (Luxemburg, 2019).<\/p>\n<p>Regine, o t\u00e2n\u0103r\u0103 traumatizat\u0103 \u00een copil\u0103rie de moartea fratelui \u015fi nebunia mamei, care \u00eencearc\u0103 s\u0103 \u00ee\u015fi valorifice dreptul la fericire \u00een mediul urban, se vede obligat\u0103 s\u0103 revin\u0103 \u00een \u0163inutul natal c\u00e2nd bunica sa e ucis\u0103 cu brutalitate \u00een condi\u0163ii r\u0103mase neelucidate. Ororile trecutului redevin prezente \u00eentr-un mod \u00eensp\u0103im\u00e2nt\u0103tor. Un <strong>Horror gotic<\/strong> modern cu Udo Kier, Amber Anderson \u015fi Jefferson Hall, ce reprezint\u0103 debutul \u00een lungmetraj al lui Christopher Neuman, autorul a numeroase scurtmetraje selec\u0163ionate \u00een festivaluri prestigioase.[\/vc_column_text][\/vc_column][vc_column column_padding=&#8221;no-extra-padding&#8221; column_padding_tablet=&#8221;inherit&#8221; column_padding_phone=&#8221;inherit&#8221; column_padding_position=&#8221;all&#8221; background_color_opacity=&#8221;1&#8243; background_hover_color_opacity=&#8221;1&#8243; column_shadow=&#8221;none&#8221; column_border_radius=&#8221;none&#8221; column_link_target=&#8221;_self&#8221; gradient_direction=&#8221;left_to_right&#8221; overlay_strength=&#8221;0.3&#8243; width=&#8221;1\/2&#8243; tablet_width_inherit=&#8221;default&#8221; tablet_text_alignment=&#8221;default&#8221; phone_text_alignment=&#8221;default&#8221; column_border_width=&#8221;none&#8221; column_border_style=&#8221;solid&#8221; bg_image_animation=&#8221;none&#8221;][vc_video link=&#8221;https:\/\/youtu.be\/QvukuQfkIBQ&#8221;][\/vc_column][\/vc_row][vc_row type=&#8221;in_container&#8221; full_screen_row_position=&#8221;middle&#8221; column_margin=&#8221;default&#8221; equal_height=&#8221;yes&#8221; content_placement=&#8221;middle&#8221; column_direction=&#8221;default&#8221; column_direction_tablet=&#8221;default&#8221; column_direction_phone=&#8221;default&#8221; scene_position=&#8221;center&#8221; text_color=&#8221;dark&#8221; text_align=&#8221;left&#8221; row_border_radius=&#8221;none&#8221; row_border_radius_applies=&#8221;bg&#8221; overlay_strength=&#8221;0.3&#8243; gradient_direction=&#8221;left_to_right&#8221; shape_divider_position=&#8221;bottom&#8221; bg_image_animation=&#8221;none&#8221; shape_type=&#8221;&#8221;][vc_column column_padding=&#8221;padding-3-percent&#8221; column_padding_tablet=&#8221;inherit&#8221; column_padding_phone=&#8221;inherit&#8221; column_padding_position=&#8221;all&#8221; background_color_opacity=&#8221;1&#8243; background_hover_color_opacity=&#8221;1&#8243; column_shadow=&#8221;none&#8221; column_border_radius=&#8221;none&#8221; column_link_target=&#8221;_self&#8221; gradient_direction=&#8221;left_to_right&#8221; overlay_strength=&#8221;0.3&#8243; width=&#8221;1\/2&#8243; tablet_width_inherit=&#8221;default&#8221; tablet_text_alignment=&#8221;default&#8221; phone_text_alignment=&#8221;default&#8221; column_border_width=&#8221;none&#8221; column_border_style=&#8221;solid&#8221; bg_image_animation=&#8221;none&#8221;][vc_column_text]<strong>TERMINAL STATION<\/strong> (Brazilia, 2019)<\/p>\n<p><strong>Dram\u0103 Horror suprarealist\u0103<\/strong> deschis\u0103 multiplelor interpret\u0103ri care experimenteaz\u0103 cu tema mor\u0163ii plec\u00e2nd de la re\u00eent\u00e2lnirea nea\u015fteptat\u0103 a unei femei cu iubitul s\u0103u disp\u0103rut inexplicabil cu ani \u00een urm\u0103. Realizat de o versat\u0103 cineast\u0103 \u015fi produc\u0103toare cultural\u0103, Mavi Sim\u0101o, angoasantul <em>Terminal Station<\/em> are aroma unui film al lui David Lynch \u00eentr-un ambalaj estetic sudamerican absolut original care \u00eendeamn\u0103 spectatorul s\u0103-\u015fi pun\u0103 serioase \u00eentreb\u0103ri legate de modul \u00een care rela\u0163iile emo\u0163ionale \u00eei definesc destinul. Un film experimental care intrig\u0103 \u015fi incit\u0103 deopotriv\u0103.[\/vc_column_text][\/vc_column][vc_column column_padding=&#8221;no-extra-padding&#8221; column_padding_tablet=&#8221;inherit&#8221; column_padding_phone=&#8221;inherit&#8221; column_padding_position=&#8221;all&#8221; background_color_opacity=&#8221;1&#8243; background_hover_color_opacity=&#8221;1&#8243; column_shadow=&#8221;none&#8221; column_border_radius=&#8221;none&#8221; column_link_target=&#8221;_self&#8221; gradient_direction=&#8221;left_to_right&#8221; overlay_strength=&#8221;0.3&#8243; width=&#8221;1\/2&#8243; tablet_width_inherit=&#8221;default&#8221; tablet_text_alignment=&#8221;default&#8221; phone_text_alignment=&#8221;default&#8221; column_border_width=&#8221;none&#8221; column_border_style=&#8221;solid&#8221; bg_image_animation=&#8221;none&#8221;][vc_video link=&#8221;https:\/\/vimeo.com\/331571425&#8243;][\/vc_column][\/vc_row][vc_row type=&#8221;in_container&#8221; full_screen_row_position=&#8221;middle&#8221; column_margin=&#8221;default&#8221; equal_height=&#8221;yes&#8221; content_placement=&#8221;middle&#8221; column_direction=&#8221;default&#8221; column_direction_tablet=&#8221;default&#8221; column_direction_phone=&#8221;default&#8221; bg_color=&#8221;#e8e8e8&#8243; scene_position=&#8221;center&#8221; text_color=&#8221;dark&#8221; text_align=&#8221;left&#8221; row_border_radius=&#8221;none&#8221; row_border_radius_applies=&#8221;bg&#8221; overlay_strength=&#8221;0.3&#8243; gradient_direction=&#8221;left_to_right&#8221; shape_divider_position=&#8221;bottom&#8221; bg_image_animation=&#8221;none&#8221; shape_type=&#8221;&#8221;][vc_column column_padding=&#8221;padding-3-percent&#8221; column_padding_tablet=&#8221;inherit&#8221; column_padding_phone=&#8221;inherit&#8221; column_padding_position=&#8221;all&#8221; background_color_opacity=&#8221;1&#8243; background_hover_color_opacity=&#8221;1&#8243; column_shadow=&#8221;none&#8221; column_border_radius=&#8221;none&#8221; column_link_target=&#8221;_self&#8221; gradient_direction=&#8221;left_to_right&#8221; overlay_strength=&#8221;0.3&#8243; width=&#8221;1\/2&#8243; tablet_width_inherit=&#8221;default&#8221; tablet_text_alignment=&#8221;default&#8221; phone_text_alignment=&#8221;default&#8221; column_border_width=&#8221;none&#8221; column_border_style=&#8221;solid&#8221; bg_image_animation=&#8221;none&#8221;][vc_column_text]<strong>MEANDER<\/strong> (Franta, 2020).<\/p>\n<p><strong>SF\/Horror<\/strong> extrem de nou (este \u00een curs de finalizare), realizat de Mathieu Turi, un t\u00e2n\u0103r cineast selec\u0163ionat \u015fi multipremiat pentru filmele sale de gen la festivaluri precum SITGES, FrightFest sau NY Horror FF. E suficient de amintit c\u0103 a fost asistent de regie pentru Quentin Tarantino, Clint Eastwood \u015fi Woody Allen. Conceptul lui <em>Meander <\/em>este construit pe lupta pentru supravie\u0163uire a unei femei (Gaia Weiss \u2013 serialul <em>Vikings<\/em>) captiv\u0103 \u00eentr-un straniu labirint tubular pres\u0103rat cu capcane mortale, a c\u0103rei singur\u0103 \u015fans\u0103 pare a fi parcurgerea lui p\u00e2n\u0103 la cap\u0103t.[\/vc_column_text][\/vc_column][vc_column column_padding=&#8221;no-extra-padding&#8221; column_padding_tablet=&#8221;inherit&#8221; column_padding_phone=&#8221;inherit&#8221; column_padding_position=&#8221;all&#8221; background_color_opacity=&#8221;1&#8243; background_hover_color_opacity=&#8221;1&#8243; column_shadow=&#8221;none&#8221; column_border_radius=&#8221;none&#8221; column_link_target=&#8221;_self&#8221; gradient_direction=&#8221;left_to_right&#8221; overlay_strength=&#8221;0.3&#8243; width=&#8221;1\/2&#8243; tablet_width_inherit=&#8221;default&#8221; tablet_text_alignment=&#8221;default&#8221; phone_text_alignment=&#8221;default&#8221; column_border_width=&#8221;none&#8221; column_border_style=&#8221;solid&#8221; bg_image_animation=&#8221;none&#8221;][vc_gallery type=&#8221;nectarslider_style&#8221; images=&#8221;654,653,652,651,650&#8243; image_loading=&#8221;default&#8221; flexible_slider_height=&#8221;true&#8221; bullet_navigation_style=&#8221;see_through&#8221; onclick=&#8221;link_image&#8221;][\/vc_column][\/vc_row][vc_row type=&#8221;in_container&#8221; full_screen_row_position=&#8221;middle&#8221; column_margin=&#8221;default&#8221; equal_height=&#8221;yes&#8221; content_placement=&#8221;middle&#8221; column_direction=&#8221;default&#8221; column_direction_tablet=&#8221;default&#8221; column_direction_phone=&#8221;default&#8221; scene_position=&#8221;center&#8221; text_color=&#8221;dark&#8221; text_align=&#8221;left&#8221; row_border_radius=&#8221;none&#8221; row_border_radius_applies=&#8221;bg&#8221; overlay_strength=&#8221;0.3&#8243; gradient_direction=&#8221;left_to_right&#8221; shape_divider_position=&#8221;bottom&#8221; bg_image_animation=&#8221;none&#8221; shape_type=&#8221;&#8221;][vc_column column_padding=&#8221;padding-3-percent&#8221; column_padding_tablet=&#8221;inherit&#8221; column_padding_phone=&#8221;inherit&#8221; column_padding_position=&#8221;all&#8221; background_color_opacity=&#8221;1&#8243; background_hover_color_opacity=&#8221;1&#8243; column_shadow=&#8221;none&#8221; column_border_radius=&#8221;none&#8221; column_link_target=&#8221;_self&#8221; gradient_direction=&#8221;left_to_right&#8221; overlay_strength=&#8221;0.3&#8243; width=&#8221;1\/2&#8243; tablet_width_inherit=&#8221;default&#8221; tablet_text_alignment=&#8221;default&#8221; phone_text_alignment=&#8221;default&#8221; column_border_width=&#8221;none&#8221; column_border_style=&#8221;solid&#8221; bg_image_animation=&#8221;none&#8221;][vc_column_text]<strong>WHAT DOESN\u2019T KILL US<\/strong> (SUA, 2019)<\/p>\n<p><strong>Mockumentar<\/strong> savuros cu zombies \u00een care mor\u0163ii-vii (\u201cnecro-sapiens\u201d este noua lor denumire corect\u0103 politic), rezulta\u0163i \u00een urma unei pandemii, sunt reabilita\u0163i \u015fi integra\u0163i social dup\u0103 o perioad\u0103 \u00een care au fost supu\u015fi diverselor forme de discriminare de c\u0103tre homo sapiens. \u201cDead Lives Matter!\u201d Filmul a fost premiat la Lone Star Film Festival din Fort Worth \u00een noiembrie 2019, \u00eenainte de apari\u0163ia Covid-19 \u015fi a convulsiilor sociale amorsate de incidentul Floyd, deci realizatorii s\u0103i &#8211; Zach Schlapkohl, Jacob Kiesling \u015fi Ethan Cartwright &#8211; nu pot fi suspecta\u0163i de&#8230; oportunism.[\/vc_column_text][\/vc_column][vc_column column_padding=&#8221;no-extra-padding&#8221; column_padding_tablet=&#8221;inherit&#8221; column_padding_phone=&#8221;inherit&#8221; column_padding_position=&#8221;all&#8221; background_color_opacity=&#8221;1&#8243; background_hover_color_opacity=&#8221;1&#8243; column_shadow=&#8221;none&#8221; column_border_radius=&#8221;none&#8221; column_link_target=&#8221;_self&#8221; gradient_direction=&#8221;left_to_right&#8221; overlay_strength=&#8221;0.3&#8243; width=&#8221;1\/2&#8243; tablet_width_inherit=&#8221;default&#8221; tablet_text_alignment=&#8221;default&#8221; phone_text_alignment=&#8221;default&#8221; column_border_width=&#8221;none&#8221; column_border_style=&#8221;solid&#8221; bg_image_animation=&#8221;none&#8221;][vc_video link=&#8221;https:\/\/youtu.be\/MTtCs08raTc&#8221;][\/vc_column][\/vc_row][vc_row type=&#8221;in_container&#8221; full_screen_row_position=&#8221;middle&#8221; column_margin=&#8221;default&#8221; equal_height=&#8221;yes&#8221; content_placement=&#8221;middle&#8221; column_direction=&#8221;default&#8221; column_direction_tablet=&#8221;default&#8221; column_direction_phone=&#8221;default&#8221; bg_color=&#8221;#e8e8e8&#8243; scene_position=&#8221;center&#8221; text_color=&#8221;dark&#8221; text_align=&#8221;left&#8221; row_border_radius=&#8221;none&#8221; row_border_radius_applies=&#8221;bg&#8221; overlay_strength=&#8221;0.3&#8243; gradient_direction=&#8221;left_to_right&#8221; shape_divider_position=&#8221;bottom&#8221; bg_image_animation=&#8221;none&#8221; shape_type=&#8221;&#8221;][vc_column column_padding=&#8221;padding-3-percent&#8221; column_padding_tablet=&#8221;inherit&#8221; column_padding_phone=&#8221;inherit&#8221; column_padding_position=&#8221;all&#8221; background_color_opacity=&#8221;1&#8243; background_hover_color_opacity=&#8221;1&#8243; column_shadow=&#8221;none&#8221; column_border_radius=&#8221;none&#8221; column_link_target=&#8221;_self&#8221; gradient_direction=&#8221;left_to_right&#8221; overlay_strength=&#8221;0.3&#8243; width=&#8221;1\/2&#8243; tablet_width_inherit=&#8221;default&#8221; tablet_text_alignment=&#8221;default&#8221; phone_text_alignment=&#8221;default&#8221; column_border_width=&#8221;none&#8221; column_border_style=&#8221;solid&#8221; bg_image_animation=&#8221;none&#8221;][vc_column_text]<strong>CODA 77<\/strong> (Spania, 2019)<\/p>\n<p><strong>Amestec de comedie neagr\u0103 \u015fi Thriller<\/strong> poetic, <em>Coda 77<\/em> spune povestea misteriosului pianist excesiv de timid Ulise (\u00c1lvaro de Paz \u2013 <em>C\u00edrculo interno<\/em>), neconsolat dup\u0103 separarea de iubit\u0103 \u015fi obsedat de ideea c\u0103 cineva \u00eei invadeaz\u0103 \u00een mod constant spa\u0163iul privat, aflat \u00eentr-un blocaj creativ \u00een procesul de a compune un OST pentru un lungmetraj de fic\u0163iune. Tu\u015fele de umor fin ale filmului lui Daniel Cabrero sunt date de suprapunerea peste idiosincraziile lui Ulise a bullying-ului exercitat de diversele femei ce \u00eei p\u0103\u015fesc pragul din diverse motive.[\/vc_column_text][\/vc_column][vc_column column_padding=&#8221;no-extra-padding&#8221; column_padding_tablet=&#8221;inherit&#8221; column_padding_phone=&#8221;inherit&#8221; column_padding_position=&#8221;all&#8221; background_color_opacity=&#8221;1&#8243; background_hover_color_opacity=&#8221;1&#8243; column_shadow=&#8221;none&#8221; column_border_radius=&#8221;none&#8221; column_link_target=&#8221;_self&#8221; gradient_direction=&#8221;left_to_right&#8221; overlay_strength=&#8221;0.3&#8243; width=&#8221;1\/2&#8243; tablet_width_inherit=&#8221;default&#8221; tablet_text_alignment=&#8221;default&#8221; phone_text_alignment=&#8221;default&#8221; column_border_width=&#8221;none&#8221; column_border_style=&#8221;solid&#8221; bg_image_animation=&#8221;none&#8221;][vc_video link=&#8221;https:\/\/youtu.be\/VmbNdjGp9no&#8221;][\/vc_column][\/vc_row][vc_row type=&#8221;in_container&#8221; full_screen_row_position=&#8221;middle&#8221; column_margin=&#8221;default&#8221; equal_height=&#8221;yes&#8221; content_placement=&#8221;middle&#8221; column_direction=&#8221;default&#8221; column_direction_tablet=&#8221;default&#8221; column_direction_phone=&#8221;default&#8221; scene_position=&#8221;center&#8221; text_color=&#8221;dark&#8221; text_align=&#8221;left&#8221; row_border_radius=&#8221;none&#8221; row_border_radius_applies=&#8221;bg&#8221; overlay_strength=&#8221;0.3&#8243; gradient_direction=&#8221;left_to_right&#8221; shape_divider_position=&#8221;bottom&#8221; bg_image_animation=&#8221;none&#8221; shape_type=&#8221;&#8221;][vc_column column_padding=&#8221;padding-3-percent&#8221; column_padding_tablet=&#8221;inherit&#8221; column_padding_phone=&#8221;inherit&#8221; column_padding_position=&#8221;all&#8221; background_color_opacity=&#8221;1&#8243; background_hover_color_opacity=&#8221;1&#8243; column_shadow=&#8221;none&#8221; column_border_radius=&#8221;none&#8221; column_link_target=&#8221;_self&#8221; gradient_direction=&#8221;left_to_right&#8221; overlay_strength=&#8221;0.3&#8243; width=&#8221;1\/2&#8243; tablet_width_inherit=&#8221;default&#8221; tablet_text_alignment=&#8221;default&#8221; phone_text_alignment=&#8221;default&#8221; column_border_width=&#8221;none&#8221; column_border_style=&#8221;solid&#8221; bg_image_animation=&#8221;none&#8221;][vc_column_text]<strong>DEODATO HOLOCAUST<\/strong> (Brazilia, 2019)<\/p>\n<p><strong>Documentar<\/strong> formidabil realizat de Felipe M. Guerra despre via\u0163a \u015fi cariera controversatului cineast italian de Horror Rugero Deodato, o personalitate dificil\u0103 care a ajuns s\u0103 fie acuzat c\u0103&#8230; \u00ee\u015fi ucide actorii. La propriu. Demersul lui Guerra nu se concentreaz\u0103 \u2013 a\u015fa cum sugereaz\u0103 titlul &#8211; doar pe <em>Cannibal Holocaust<\/em> ci \u00eei parcurge \u00een mare parte filmografia, de la <em>I Ragazzi del Muretto<\/em> la <em>Jungle Holocaust<\/em>, din perspectiva elementelor de Exploitation \u015fi \u00eel are ca invitat special pe Deodato \u00eensu\u015fi, realizator care a influen\u0163at regizori precum Quentin Tarantino sau Oliver Stone.[\/vc_column_text][\/vc_column][vc_column column_padding=&#8221;no-extra-padding&#8221; column_padding_tablet=&#8221;inherit&#8221; column_padding_phone=&#8221;inherit&#8221; column_padding_position=&#8221;all&#8221; background_color_opacity=&#8221;1&#8243; background_hover_color_opacity=&#8221;1&#8243; column_shadow=&#8221;none&#8221; column_border_radius=&#8221;none&#8221; column_link_target=&#8221;_self&#8221; gradient_direction=&#8221;left_to_right&#8221; overlay_strength=&#8221;0.3&#8243; width=&#8221;1\/2&#8243; tablet_width_inherit=&#8221;default&#8221; tablet_text_alignment=&#8221;default&#8221; phone_text_alignment=&#8221;default&#8221; column_border_width=&#8221;none&#8221; column_border_style=&#8221;solid&#8221; bg_image_animation=&#8221;none&#8221;][vc_video link=&#8221;https:\/\/youtu.be\/WdbUuyaOh2Y&#8221;][\/vc_column][\/vc_row][vc_row type=&#8221;in_container&#8221; full_screen_row_position=&#8221;middle&#8221; column_margin=&#8221;default&#8221; equal_height=&#8221;yes&#8221; content_placement=&#8221;middle&#8221; column_direction=&#8221;default&#8221; column_direction_tablet=&#8221;default&#8221; column_direction_phone=&#8221;default&#8221; bg_color=&#8221;#e8e8e8&#8243; scene_position=&#8221;center&#8221; text_color=&#8221;dark&#8221; text_align=&#8221;left&#8221; row_border_radius=&#8221;none&#8221; row_border_radius_applies=&#8221;bg&#8221; overlay_strength=&#8221;0.3&#8243; gradient_direction=&#8221;left_to_right&#8221; shape_divider_position=&#8221;bottom&#8221; bg_image_animation=&#8221;none&#8221; shape_type=&#8221;&#8221;][vc_column column_padding=&#8221;padding-3-percent&#8221; column_padding_tablet=&#8221;inherit&#8221; column_padding_phone=&#8221;inherit&#8221; column_padding_position=&#8221;all&#8221; background_color_opacity=&#8221;1&#8243; background_hover_color_opacity=&#8221;1&#8243; column_shadow=&#8221;none&#8221; column_border_radius=&#8221;none&#8221; column_link_target=&#8221;_self&#8221; gradient_direction=&#8221;left_to_right&#8221; overlay_strength=&#8221;0.3&#8243; width=&#8221;1\/2&#8243; tablet_width_inherit=&#8221;default&#8221; tablet_text_alignment=&#8221;default&#8221; phone_text_alignment=&#8221;default&#8221; column_border_width=&#8221;none&#8221; column_border_style=&#8221;solid&#8221; bg_image_animation=&#8221;none&#8221;][vc_column_text]<strong>MEMORIA<\/strong> (Republica Moldova, 2020)<\/p>\n<p>Lungmetraj plin de prospe\u0163ime din spa\u0163iul <strong>Fantasy<\/strong>-ului ce vine de peste Prut cu semn\u0103turile regizorului \u015fi produc\u0103torului Maxim Chisnicean \u015fi scenaristului Ronin Terente. Edmund \u015fi Mari se trezesc fiecare \u00eentr-un ora\u015f completamente str\u0103in, \u00een afara timpului lor, \u00een care fiecare om se comport\u0103 ca \u015fi cum i-ar cunoa\u015fte de-o via\u0163\u0103, ora\u015f pe care nu \u00eel pot p\u0103r\u0103si dec\u00e2t ca rezultat al hazardului. O loterie. \u201cOare vrem s\u0103 \u015ftim adev\u0103rul?\u201d Un love story la grani\u0163a dintre vis \u015fi realitate ce evit\u0103 excesele melodramatice prin medita\u0163ia din jurul fricii noastre de necunoscut.[\/vc_column_text][\/vc_column][vc_column column_padding=&#8221;no-extra-padding&#8221; column_padding_tablet=&#8221;inherit&#8221; column_padding_phone=&#8221;inherit&#8221; column_padding_position=&#8221;all&#8221; background_color_opacity=&#8221;1&#8243; background_hover_color_opacity=&#8221;1&#8243; column_shadow=&#8221;none&#8221; column_border_radius=&#8221;none&#8221; column_link_target=&#8221;_self&#8221; gradient_direction=&#8221;left_to_right&#8221; overlay_strength=&#8221;0.3&#8243; width=&#8221;1\/2&#8243; tablet_width_inherit=&#8221;default&#8221; tablet_text_alignment=&#8221;default&#8221; phone_text_alignment=&#8221;default&#8221; column_border_width=&#8221;none&#8221; column_border_style=&#8221;solid&#8221; bg_image_animation=&#8221;none&#8221;][vc_video link=&#8221;https:\/\/youtu.be\/jG4AbcJ7694&#8243;][\/vc_column][\/vc_row][vc_row type=&#8221;in_container&#8221; full_screen_row_position=&#8221;middle&#8221; column_margin=&#8221;default&#8221; equal_height=&#8221;yes&#8221; content_placement=&#8221;middle&#8221; column_direction=&#8221;default&#8221; column_direction_tablet=&#8221;default&#8221; column_direction_phone=&#8221;default&#8221; scene_position=&#8221;center&#8221; text_color=&#8221;dark&#8221; text_align=&#8221;left&#8221; row_border_radius=&#8221;none&#8221; row_border_radius_applies=&#8221;bg&#8221; overlay_strength=&#8221;0.3&#8243; gradient_direction=&#8221;left_to_right&#8221; shape_divider_position=&#8221;bottom&#8221; bg_image_animation=&#8221;none&#8221; shape_type=&#8221;&#8221;][vc_column column_padding=&#8221;padding-3-percent&#8221; column_padding_tablet=&#8221;inherit&#8221; column_padding_phone=&#8221;inherit&#8221; column_padding_position=&#8221;all&#8221; background_color_opacity=&#8221;1&#8243; background_hover_color_opacity=&#8221;1&#8243; column_shadow=&#8221;none&#8221; column_border_radius=&#8221;none&#8221; column_link_target=&#8221;_self&#8221; gradient_direction=&#8221;left_to_right&#8221; overlay_strength=&#8221;0.3&#8243; width=&#8221;1\/2&#8243; tablet_width_inherit=&#8221;default&#8221; tablet_text_alignment=&#8221;default&#8221; phone_text_alignment=&#8221;default&#8221; column_border_width=&#8221;none&#8221; column_border_style=&#8221;solid&#8221; bg_image_animation=&#8221;none&#8221;][vc_column_text]<strong>VHS MASSACRE TOO<\/strong> (SUA, 2020)<\/p>\n<p>Deja c\u00e2\u015ftig\u0103tor de premii \u00een numeroase festivaluri (Vegas Movie Awards, Miami Int\u2019l SF Film Festival, The Independent Horror Movie Awards etc), <strong>documentar<\/strong>ul lui Tom Seymour, ce a avut premiera mondial\u0103 \u00een martie, diseac\u0103 declinul cinematografiei Exploitation independente \u00een era post-VHS. Printre invita\u0163ii ale c\u0103ror opinii sunt \u00eenglobate \u00een film se num\u0103r\u0103 actri\u0163a Debbie Rochon (<em>Return to Nuke \u2018Em High<\/em>, <em>Toxic Avenger<\/em>), legendarul produc\u0103tor \u015fi cineast Lloyd Kaufman de la Troma, James Rolfe (<em>Angry Video Game Nerd<\/em>) \u015fi Joe Bob Briggs (<em>Last Drive-In<\/em>).[\/vc_column_text][\/vc_column][vc_column column_padding=&#8221;no-extra-padding&#8221; column_padding_tablet=&#8221;inherit&#8221; column_padding_phone=&#8221;inherit&#8221; column_padding_position=&#8221;all&#8221; background_color_opacity=&#8221;1&#8243; background_hover_color_opacity=&#8221;1&#8243; column_shadow=&#8221;none&#8221; column_border_radius=&#8221;none&#8221; column_link_target=&#8221;_self&#8221; gradient_direction=&#8221;left_to_right&#8221; overlay_strength=&#8221;0.3&#8243; width=&#8221;1\/2&#8243; tablet_width_inherit=&#8221;default&#8221; tablet_text_alignment=&#8221;default&#8221; phone_text_alignment=&#8221;default&#8221; column_border_width=&#8221;none&#8221; column_border_style=&#8221;solid&#8221; bg_image_animation=&#8221;none&#8221;][vc_video link=&#8221;https:\/\/youtu.be\/8cVBWLd3HMg&#8221;][\/vc_column][\/vc_row][vc_row type=&#8221;in_container&#8221; full_screen_row_position=&#8221;middle&#8221; column_margin=&#8221;default&#8221; equal_height=&#8221;yes&#8221; content_placement=&#8221;middle&#8221; column_direction=&#8221;default&#8221; column_direction_tablet=&#8221;default&#8221; column_direction_phone=&#8221;default&#8221; bg_color=&#8221;#e8e8e8&#8243; scene_position=&#8221;center&#8221; text_color=&#8221;dark&#8221; text_align=&#8221;left&#8221; row_border_radius=&#8221;none&#8221; row_border_radius_applies=&#8221;bg&#8221; overlay_strength=&#8221;0.3&#8243; gradient_direction=&#8221;left_to_right&#8221; shape_divider_position=&#8221;bottom&#8221; bg_image_animation=&#8221;none&#8221; shape_type=&#8221;&#8221;][vc_column column_padding=&#8221;padding-3-percent&#8221; column_padding_tablet=&#8221;inherit&#8221; column_padding_phone=&#8221;inherit&#8221; column_padding_position=&#8221;all&#8221; background_color_opacity=&#8221;1&#8243; background_hover_color_opacity=&#8221;1&#8243; column_shadow=&#8221;none&#8221; column_border_radius=&#8221;none&#8221; column_link_target=&#8221;_self&#8221; gradient_direction=&#8221;left_to_right&#8221; overlay_strength=&#8221;0.3&#8243; width=&#8221;1\/2&#8243; tablet_width_inherit=&#8221;default&#8221; tablet_text_alignment=&#8221;default&#8221; phone_text_alignment=&#8221;default&#8221; column_border_width=&#8221;none&#8221; column_border_style=&#8221;solid&#8221; bg_image_animation=&#8221;none&#8221;][vc_column_text]<strong>AMIGO<\/strong> (Spania, 2019)<\/p>\n<p><strong>Thriller psihologic<\/strong> macabru semnat de \u00d3scar Mart\u00edn centrat pe involu\u0163ia rela\u0163iei dintre doi foarte buni prieteni, David (David Pareja \u2013 <em>Killing God<\/em>) \u015fi Javier (Javier Botet \u2013 <em>It<\/em>, <em>Alien Covenant<\/em>), ce ajunge progresiv una primejdios de aproape de nebunie \u015fi chiar&#8230; canibalism dup\u0103 ce primul trebuie s\u0103 \u00ee\u015fi asume \u00eengrijirea celui de-al doilea, r\u0103mas cu sechele grave \u00een urma unui accident. O explorare cr\u00e2ncen\u0103 a naturii \u015fi sufletului omului care \u00eenfioar\u0103 \u00een special datorit\u0103 autenticit\u0103\u0163ii interpret\u0103rii, excep\u0163ionale, a celor doi protagoni\u015fti.[\/vc_column_text][\/vc_column][vc_column column_padding=&#8221;no-extra-padding&#8221; column_padding_tablet=&#8221;inherit&#8221; column_padding_phone=&#8221;inherit&#8221; column_padding_position=&#8221;all&#8221; background_color_opacity=&#8221;1&#8243; background_hover_color_opacity=&#8221;1&#8243; column_shadow=&#8221;none&#8221; column_border_radius=&#8221;none&#8221; column_link_target=&#8221;_self&#8221; gradient_direction=&#8221;left_to_right&#8221; overlay_strength=&#8221;0.3&#8243; width=&#8221;1\/2&#8243; tablet_width_inherit=&#8221;default&#8221; tablet_text_alignment=&#8221;default&#8221; phone_text_alignment=&#8221;default&#8221; column_border_width=&#8221;none&#8221; column_border_style=&#8221;solid&#8221; bg_image_animation=&#8221;none&#8221;][vc_video link=&#8221;https:\/\/youtu.be\/3VkGpcKhHsU&#8221;][\/vc_column][\/vc_row][vc_row type=&#8221;in_container&#8221; full_screen_row_position=&#8221;middle&#8221; column_margin=&#8221;default&#8221; equal_height=&#8221;yes&#8221; content_placement=&#8221;middle&#8221; column_direction=&#8221;default&#8221; column_direction_tablet=&#8221;default&#8221; column_direction_phone=&#8221;default&#8221; scene_position=&#8221;center&#8221; text_color=&#8221;dark&#8221; text_align=&#8221;left&#8221; row_border_radius=&#8221;none&#8221; row_border_radius_applies=&#8221;bg&#8221; overlay_strength=&#8221;0.3&#8243; gradient_direction=&#8221;left_to_right&#8221; shape_divider_position=&#8221;bottom&#8221; bg_image_animation=&#8221;none&#8221; shape_type=&#8221;&#8221;][vc_column column_padding=&#8221;padding-3-percent&#8221; column_padding_tablet=&#8221;inherit&#8221; column_padding_phone=&#8221;inherit&#8221; column_padding_position=&#8221;all&#8221; background_color_opacity=&#8221;1&#8243; background_hover_color_opacity=&#8221;1&#8243; column_shadow=&#8221;none&#8221; column_border_radius=&#8221;none&#8221; column_link_target=&#8221;_self&#8221; gradient_direction=&#8221;left_to_right&#8221; overlay_strength=&#8221;0.3&#8243; width=&#8221;1\/2&#8243; tablet_width_inherit=&#8221;default&#8221; tablet_text_alignment=&#8221;default&#8221; phone_text_alignment=&#8221;default&#8221; column_border_width=&#8221;none&#8221; column_border_style=&#8221;solid&#8221; bg_image_animation=&#8221;none&#8221;][vc_column_text]<strong>SEALED INVASION<\/strong> (Turcia, 2020)<\/p>\n<p>Semifinalist la The Horror Movie Awards din Seattle, <strong>Horror-ul cu fundament lovecraftian<\/strong> al lui Metin Kuru surprinde prin originalitatea gref\u0103rii unor elemente de Pop culture occidental \u00een arealul folclorului turcesc. Trei studen\u0163i la sociologie fac o cercetare despre un trecut ritual de exorcizare dintr-un sat a c\u0103rui via\u0163\u0103 curge conform vechilor tradi\u0163ii populare. Research-ul se transform\u0103 \u00eentr-o periculoas\u0103 explorare spiritual\u0103 &#8211; cu consecin\u0163e s\u00e2ngeroase &#8211; ce relev\u0103 impactul moral \u015fi social al lipsei de educa\u0163ie \u00een comunit\u0103\u0163ile r\u0103mase desprinse de modernitate.[\/vc_column_text][\/vc_column][vc_column column_padding=&#8221;no-extra-padding&#8221; column_padding_tablet=&#8221;inherit&#8221; column_padding_phone=&#8221;inherit&#8221; column_padding_position=&#8221;all&#8221; background_color_opacity=&#8221;1&#8243; background_hover_color_opacity=&#8221;1&#8243; column_shadow=&#8221;none&#8221; column_border_radius=&#8221;none&#8221; column_link_target=&#8221;_self&#8221; gradient_direction=&#8221;left_to_right&#8221; overlay_strength=&#8221;0.3&#8243; width=&#8221;1\/2&#8243; tablet_width_inherit=&#8221;default&#8221; tablet_text_alignment=&#8221;default&#8221; phone_text_alignment=&#8221;default&#8221; column_border_width=&#8221;none&#8221; column_border_style=&#8221;solid&#8221; bg_image_animation=&#8221;none&#8221;][vc_video link=&#8221;https:\/\/vimeo.com\/305162362&#8243;][\/vc_column][\/vc_row][vc_row type=&#8221;in_container&#8221; full_screen_row_position=&#8221;middle&#8221; column_margin=&#8221;default&#8221; column_direction=&#8221;default&#8221; column_direction_tablet=&#8221;default&#8221; column_direction_phone=&#8221;default&#8221; scene_position=&#8221;center&#8221; text_color=&#8221;dark&#8221; text_align=&#8221;left&#8221; row_border_radius=&#8221;none&#8221; row_border_radius_applies=&#8221;bg&#8221; overlay_strength=&#8221;0.3&#8243; gradient_direction=&#8221;left_to_right&#8221; shape_divider_position=&#8221;bottom&#8221; bg_image_animation=&#8221;none&#8221;][vc_column column_padding=&#8221;no-extra-padding&#8221; column_padding_tablet=&#8221;inherit&#8221; column_padding_phone=&#8221;inherit&#8221; column_padding_position=&#8221;all&#8221; background_color_opacity=&#8221;1&#8243; background_hover_color_opacity=&#8221;1&#8243; column_shadow=&#8221;none&#8221; column_border_radius=&#8221;none&#8221; column_link_target=&#8221;_self&#8221; gradient_direction=&#8221;left_to_right&#8221; overlay_strength=&#8221;0.3&#8243; width=&#8221;1\/1&#8243; tablet_width_inherit=&#8221;default&#8221; tablet_text_alignment=&#8221;default&#8221; phone_text_alignment=&#8221;default&#8221; column_border_width=&#8221;none&#8221; column_border_style=&#8221;solid&#8221; bg_image_animation=&#8221;none&#8221;][vc_column_text]<strong>Selec\u021bia<\/strong> filmelor din categoria de <strong>lungmetraj<\/strong> a fost realizat\u0103 de <strong>Ioan Big<\/strong>, director al festivalului, jurnalist \u0219i colaborator cu numeroase publica\u021bii de rom\u00e2ne\u0219ti \u0219i str\u0103ine. \u00cen acest an a ap\u0103rut sub semn\u0103tura lui Ioan Big \u0219i cartea \u201cZombies \u00een secolul XXI\u201d, o \u201cbiblie\u201d pentru to\u021bi pasiona\u021bii de gen, o carte \u00een format A4 cu aprope 900 de de pagini.<\/p>\n<p>Filmele de lungmetraj vor fi jurizate de un juriu interna\u021bional.<\/p>\n<p>La categoria scurtmetraj, <strong>16 filme<\/strong> concureaz\u0103 pentru trofeul <strong>Little Dracula <\/strong>(scurtmetraje interna\u021bionale) \u0219i trofeul <strong>Vladutz <\/strong>(scurtmetraje rom\u00e2ne\u0219ti). Filme din toate col\u021burile lumii (Peru, Suedia, Italia, Rusia, US, Taiwan, China) alese din cele 2440 de filme scurte \u00eenscrise.<\/p>\n<p>Iat\u0103 ce spune Cristian M\u0103rculescu, selec\u021bioner scurtmetraje:<\/p>\n<p><em>\u201cAnima\u021bii \u0219i filme SF, horror, thriller \u0219i comedii negre \u0219i experimentale. 5 filme romanesti (Lazar, Internet explore, Moarte, Colors, Moartea \u0219i Cavalerul) care ne arat\u0103 c\u00e2t de mult a avansat anima\u021bia rom\u00e2neasc\u0103 \u0219i c\u0103 avem tupeu \u0219i fler \u0219i la serie B \u0219i la subiecte serioase.\u201c<\/em><\/p>\n<p>Filmele de scurtmetraj vor fi jurizate de un juriu interna\u021bional.<\/p>\n<p>Dracula Film Festival este un proiect al Asocia\u021biei Culturale Fanzin, realizat cu sprijinul Centrului Na\u021bional al Cinematografiei \u0219i sus\u021binut de TV1000, Epic Drama, Brainia \u0219i Zizin ape minerale naturale.[\/vc_column_text][\/vc_column][\/vc_row]\n","protected":false},"excerpt":{"rendered":"<p>[vc_row type=&#8221;in_container&#8221; full_screen_row_position=&#8221;middle&#8221; column_margin=&#8221;default&#8221; column_direction=&#8221;default&#8221; column_direction_tablet=&#8221;default&#8221; column_direction_phone=&#8221;default&#8221; scene_position=&#8221;center&#8221; text_color=&#8221;dark&#8221; text_align=&#8221;left&#8221; row_border_radius=&#8221;none&#8221; row_border_radius_applies=&#8221;bg&#8221; overlay_strength=&#8221;0.3&#8243; gradient_direction=&#8221;left_to_right&#8221; shape_divider_position=&#8221;bottom&#8221; bg_image_animation=&#8221;none&#8221;][vc_column column_padding=&#8221;no-extra-padding&#8221; column_padding_tablet=&#8221;inherit&#8221; column_padding_phone=&#8221;inherit&#8221; column_padding_position=&#8221;all&#8221; background_color_opacity=&#8221;1&#8243; background_hover_color_opacity=&#8221;1&#8243; column_shadow=&#8221;none&#8221; column_border_radius=&#8221;none&#8221; column_link_target=&#8221;_self&#8221; gradient_direction=&#8221;left_to_right&#8221; overlay_strength=&#8221;0.3&#8243; width=&#8221;1\/1&#8243; tablet_width_inherit=&#8221;default&#8221; tablet_text_alignment=&#8221;default&#8221; phone_text_alignment=&#8221;default&#8221; column_border_width=&#8221;none&#8221; column_border_style=&#8221;solid&#8221; bg_image_animation=&#8221;none&#8221;][vc_column_text]Festivalul va avea loc la Bra\u0219ov, la Centrul Cultural Reduta, \u00een perioada 14-18 octombrie, 2020. Produc\u0163ii din&#8230;<\/p>\n","protected":false},"author":1,"featured_media":715,"comment_status":"closed","ping_status":"closed","sticky":false,"template":"","format":"standard","meta":[],"categories":[50],"tags":[],"yoast_head":"<!-- This site is optimized with the Yoast SEO plugin v16.4 - https:\/\/yoast.com\/wordpress\/plugins\/seo\/ -->\n<title>Comedii horror \u0219i drame fantastice \u00een premier\u0103 la Dracula Film Festival. - Dracula Film Festival - 2020<\/title>\n<meta name=\"robots\" content=\"index, follow, max-snippet:-1, max-image-preview:large, max-video-preview:-1\" \/>\n<link rel=\"canonical\" href=\"http:\/\/draculafilm.ro\/2020\/comedii-horror-si-drame-fantastice-in-premiera-la-dracula-film-festival\/\" \/>\n<meta property=\"og:locale\" content=\"ro_RO\" \/>\n<meta property=\"og:type\" content=\"article\" \/>\n<meta property=\"og:title\" content=\"Comedii horror \u0219i drame fantastice \u00een premier\u0103 la Dracula Film Festival. - Dracula Film Festival - 2020\" \/>\n<meta property=\"og:description\" content=\"[vc_row type=&#8221;in_container&#8221; full_screen_row_position=&#8221;middle&#8221; column_margin=&#8221;default&#8221; column_direction=&#8221;default&#8221; column_direction_tablet=&#8221;default&#8221; column_direction_phone=&#8221;default&#8221; scene_position=&#8221;center&#8221; text_color=&#8221;dark&#8221; text_align=&#8221;left&#8221; row_border_radius=&#8221;none&#8221; row_border_radius_applies=&#8221;bg&#8221; overlay_strength=&#8221;0.3&#8243; gradient_direction=&#8221;left_to_right&#8221; shape_divider_position=&#8221;bottom&#8221; bg_image_animation=&#8221;none&#8221;][vc_column column_padding=&#8221;no-extra-padding&#8221; column_padding_tablet=&#8221;inherit&#8221; column_padding_phone=&#8221;inherit&#8221; column_padding_position=&#8221;all&#8221; background_color_opacity=&#8221;1&#8243; background_hover_color_opacity=&#8221;1&#8243; column_shadow=&#8221;none&#8221; column_border_radius=&#8221;none&#8221; column_link_target=&#8221;_self&#8221; gradient_direction=&#8221;left_to_right&#8221; overlay_strength=&#8221;0.3&#8243; width=&#8221;1\/1&#8243; tablet_width_inherit=&#8221;default&#8221; tablet_text_alignment=&#8221;default&#8221; phone_text_alignment=&#8221;default&#8221; column_border_width=&#8221;none&#8221; column_border_style=&#8221;solid&#8221; bg_image_animation=&#8221;none&#8221;][vc_column_text]Festivalul va avea loc la Bra\u0219ov, la Centrul Cultural Reduta, \u00een perioada 14-18 octombrie, 2020. Produc\u0163ii din...\" \/>\n<meta property=\"og:url\" content=\"http:\/\/draculafilm.ro\/2020\/comedii-horror-si-drame-fantastice-in-premiera-la-dracula-film-festival\/\" \/>\n<meta property=\"og:site_name\" content=\"Dracula Film Festival - 2020\" \/>\n<meta property=\"article:published_time\" content=\"2020-10-09T06:10:32+00:00\" \/>\n<meta property=\"article:modified_time\" content=\"2020-10-09T06:32:45+00:00\" \/>\n<meta property=\"og:image\" content=\"http:\/\/draculafilm.ro\/wp-content\/uploads\/2020\/10\/trofeu-draculafilm-ro-2020-01.jpg\" \/>\n\t<meta property=\"og:image:width\" content=\"1200\" \/>\n\t<meta property=\"og:image:height\" content=\"806\" \/>\n<meta name=\"twitter:card\" content=\"summary_large_image\" \/>\n<meta name=\"twitter:label1\" content=\"Timp estimat pentru citire\" \/>\n\t<meta name=\"twitter:data1\" content=\"19 minute\" \/>\n<script type=\"application\/ld+json\" class=\"yoast-schema-graph\">{\"@context\":\"https:\/\/schema.org\",\"@graph\":[{\"@type\":\"WebSite\",\"@id\":\"https:\/\/draculafilm.ro\/2020\/#website\",\"url\":\"https:\/\/draculafilm.ro\/2020\/\",\"name\":\"Dracula Film Festival - 2020\",\"description\":\"Dracula Film Festival - Horror &amp; Fantasy Film Festival.\",\"potentialAction\":[{\"@type\":\"SearchAction\",\"target\":\"https:\/\/draculafilm.ro\/2020\/?s={search_term_string}\",\"query-input\":\"required name=search_term_string\"}],\"inLanguage\":\"ro-RO\"},{\"@type\":\"ImageObject\",\"@id\":\"http:\/\/draculafilm.ro\/2020\/comedii-horror-si-drame-fantastice-in-premiera-la-dracula-film-festival\/#primaryimage\",\"inLanguage\":\"ro-RO\",\"url\":\"http:\/\/draculafilm.ro\/2020\/wp-content\/uploads\/2020\/10\/trofeu-draculafilm-ro-2020-01.jpg\",\"contentUrl\":\"http:\/\/draculafilm.ro\/2020\/wp-content\/uploads\/2020\/10\/trofeu-draculafilm-ro-2020-01.jpg\",\"width\":1200,\"height\":806},{\"@type\":\"WebPage\",\"@id\":\"http:\/\/draculafilm.ro\/2020\/comedii-horror-si-drame-fantastice-in-premiera-la-dracula-film-festival\/#webpage\",\"url\":\"http:\/\/draculafilm.ro\/2020\/comedii-horror-si-drame-fantastice-in-premiera-la-dracula-film-festival\/\",\"name\":\"Comedii horror \\u0219i drame fantastice \\u00een premier\\u0103 la Dracula Film Festival. - Dracula Film Festival - 2020\",\"isPartOf\":{\"@id\":\"https:\/\/draculafilm.ro\/2020\/#website\"},\"primaryImageOfPage\":{\"@id\":\"http:\/\/draculafilm.ro\/2020\/comedii-horror-si-drame-fantastice-in-premiera-la-dracula-film-festival\/#primaryimage\"},\"datePublished\":\"2020-10-09T06:10:32+00:00\",\"dateModified\":\"2020-10-09T06:32:45+00:00\",\"author\":{\"@id\":\"https:\/\/draculafilm.ro\/2020\/#\/schema\/person\/fa49e6137a0b92809bda037aaa0a5304\"},\"breadcrumb\":{\"@id\":\"http:\/\/draculafilm.ro\/2020\/comedii-horror-si-drame-fantastice-in-premiera-la-dracula-film-festival\/#breadcrumb\"},\"inLanguage\":\"ro-RO\",\"potentialAction\":[{\"@type\":\"ReadAction\",\"target\":[\"http:\/\/draculafilm.ro\/2020\/comedii-horror-si-drame-fantastice-in-premiera-la-dracula-film-festival\/\"]}]},{\"@type\":\"BreadcrumbList\",\"@id\":\"http:\/\/draculafilm.ro\/2020\/comedii-horror-si-drame-fantastice-in-premiera-la-dracula-film-festival\/#breadcrumb\",\"itemListElement\":[{\"@type\":\"ListItem\",\"position\":1,\"item\":{\"@type\":\"WebPage\",\"@id\":\"https:\/\/draculafilm.ro\/2020\/\",\"url\":\"https:\/\/draculafilm.ro\/2020\/\",\"name\":\"Home\"}},{\"@type\":\"ListItem\",\"position\":2,\"item\":{\"@id\":\"http:\/\/draculafilm.ro\/2020\/comedii-horror-si-drame-fantastice-in-premiera-la-dracula-film-festival\/#webpage\"}}]},{\"@type\":\"Person\",\"@id\":\"https:\/\/draculafilm.ro\/2020\/#\/schema\/person\/fa49e6137a0b92809bda037aaa0a5304\",\"name\":\"n0rmanbat3s\",\"image\":{\"@type\":\"ImageObject\",\"@id\":\"https:\/\/draculafilm.ro\/2020\/#personlogo\",\"inLanguage\":\"ro-RO\",\"url\":\"http:\/\/0.gravatar.com\/avatar\/c3ee257ba9a6c5877279477f92d1c860?s=96&d=mm&r=g\",\"contentUrl\":\"http:\/\/0.gravatar.com\/avatar\/c3ee257ba9a6c5877279477f92d1c860?s=96&d=mm&r=g\",\"caption\":\"n0rmanbat3s\"},\"sameAs\":[\"http:\/\/draculafilm.ro\"],\"url\":\"http:\/\/draculafilm.ro\/2020\/author\/n0rmanbat3s\/\"}]}<\/script>\n<!-- \/ Yoast SEO plugin. -->","_links":{"self":[{"href":"http:\/\/draculafilm.ro\/2020\/wp-json\/wp\/v2\/posts\/705"}],"collection":[{"href":"http:\/\/draculafilm.ro\/2020\/wp-json\/wp\/v2\/posts"}],"about":[{"href":"http:\/\/draculafilm.ro\/2020\/wp-json\/wp\/v2\/types\/post"}],"author":[{"embeddable":true,"href":"http:\/\/draculafilm.ro\/2020\/wp-json\/wp\/v2\/users\/1"}],"replies":[{"embeddable":true,"href":"http:\/\/draculafilm.ro\/2020\/wp-json\/wp\/v2\/comments?post=705"}],"version-history":[{"count":9,"href":"http:\/\/draculafilm.ro\/2020\/wp-json\/wp\/v2\/posts\/705\/revisions"}],"predecessor-version":[{"id":714,"href":"http:\/\/draculafilm.ro\/2020\/wp-json\/wp\/v2\/posts\/705\/revisions\/714"}],"wp:featuredmedia":[{"embeddable":true,"href":"http:\/\/draculafilm.ro\/2020\/wp-json\/wp\/v2\/media\/715"}],"wp:attachment":[{"href":"http:\/\/draculafilm.ro\/2020\/wp-json\/wp\/v2\/media?parent=705"}],"wp:term":[{"taxonomy":"category","embeddable":true,"href":"http:\/\/draculafilm.ro\/2020\/wp-json\/wp\/v2\/categories?post=705"},{"taxonomy":"post_tag","embeddable":true,"href":"http:\/\/draculafilm.ro\/2020\/wp-json\/wp\/v2\/tags?post=705"}],"curies":[{"name":"wp","href":"https:\/\/api.w.org\/{rel}","templated":true}]}}